{"id":109,"date":"2023-04-26T09:43:55","date_gmt":"2023-04-26T09:43:55","guid":{"rendered":"https:\/\/www.espana-holiday.com\/blog\/?p=109"},"modified":"2023-04-26T09:43:56","modified_gmt":"2023-04-26T09:43:56","slug":"la-soleada-espana-consejos-para-hacer-la-maleta","status":"publish","type":"post","link":"https:\/\/www.espana-holiday.com\/blog\/es\/la-soleada-espana-consejos-para-hacer-la-maleta\/","title":{"rendered":"La soleada Espa\u00f1a: consejos para hacer la maleta"},"content":{"rendered":"\n<p class=\"has-text-align-center\">Viajar a un pa\u00eds c\u00e1lido y soleado como Espa\u00f1a puede ser una experiencia emocionante, pero tambi\u00e9n un reto a la hora de hacer la maleta. Con los trucos y consejos adecuados, puede asegurarse de llevar todo lo necesario y evitar hacer demasiadas maletas. En este blog, repasaremos los mejores consejos para hacer la maleta de las vacaciones en Espa\u00f1a.<\/p>\n\n\n\n<p>1.No olvide su ba\u00f1ador<\/p>\n\n\n\n<p>Si viaja a Espa\u00f1a en verano, es probable que pase mucho tiempo en la playa. Incluso si viaja durante los meses de invierno, no significa que no pueda disfrutar de un ba\u00f1o durante su viaje. <a href=\"https:\/\/www.espana-holiday.com\/rentals\/holidays-rentals-villas-c2\/swimming-pool\/\" target=\"_blank\" rel=\"noreferrer noopener\">Considere reservar un alquiler de vacaciones con piscina privada climatizada.<\/a><\/p>\n\n\n\n<p><a href=\"https:\/\/www.espana-holiday.com\/rentals\/holidays-rentals-rentals-d0\/\" target=\"_blank\" rel=\"noreferrer noopener\">En nuestro alquiler de vacaciones<\/a>, tenemos varias propiedades que vienen con piscinas privadas climatizadas que se pueden utilizar durante todo el a\u00f1o. Con una piscina climatizada, puede darse un chapuz\u00f3n y disfrutar de un ba\u00f1o independientemente del tiempo que haga fuera. Esto significa que el traje de ba\u00f1o es un art\u00edculo esencial para empacar para su viaje a Espa\u00f1a, incluso durante los meses de invierno.<\/p>\n\n\n\n<ol class=\"wp-block-list\" start=\"2\">\n<li>Lleve una chaqueta ligera o un jersey<\/li>\n<\/ol>\n\n\n\n<p>Aunque Espa\u00f1a es conocida por su clima c\u00e1lido, puede refrescar por la noche o en edificios con aire acondicionado. Aseg\u00farate de meter en la maleta una chaqueta ligera o un jersey para mantener el calor cuando bajen las temperaturas.<\/p>\n\n\n\n<ol class=\"wp-block-list\" start=\"3\">\n<li>Elija el calzado adecuado<\/li>\n<\/ol>\n\n\n\n<p>Al viajar a Espa\u00f1a, es importante llevar el calzado adecuado. Es probable que camine mucho, as\u00ed que aseg\u00farese de llevar calzado c\u00f3modo y adecuado para caminar. Este popular destino tur\u00edstico, Marbella, ofrece una amplia gama de actividades, desde descansar en la playa y<a href=\"https:\/\/www.civitatis.com\/es\/marbella\/?ag_aid=47090\" target=\"_blank\" rel=\"noreferrer noopener\"> practicar deportes acu\u00e1ticos hasta senderismo y visitas tur\u00edsticas.<\/a><\/p>\n\n\n\n<p>Para aprovechar al m\u00e1ximo su viaje y participar en todas las divertidas actividades que ofrece la Costa del Sol, traiga calzado c\u00f3modo adecuado para caminar, hacer senderismo y explorar. Tanto si prefiere zapatillas de deporte, sandalias o botas de monta\u00f1a, aseg\u00farese de que su calzado es lo suficientemente c\u00f3modo y duradero como para soportar los diversos terrenos y actividades que encontrar\u00e1 durante sus actividades en Marbella.<\/p>\n\n\n\n<ol class=\"wp-block-list\" start=\"4\">\n<li>Lleve crema solar y repelente de insectos<\/li>\n<\/ol>\n\n\n\n<p>Espa\u00f1a es un pa\u00eds soleado, y necesitar\u00e1 proteger su piel de los da\u00f1inos rayos del sol. Aseg\u00farese de llevar crema solar con un FPS alto para proteger su piel. Tambi\u00e9n puede traer repelente de insectos para protegerse de las picaduras de mosquitos.<\/p>\n","protected":false},"excerpt":{"rendered":"<p>Planear un viaje a Espa\u00f1a puede ser una aventura emocionante, pero es importante hacer la maleta con inteligencia para aprovechar al m\u00e1ximo las vacaciones. Tanto si te diriges a la soleada Espa\u00f1a para unas vacaciones de verano como para explorar sus bellas ciudades y paisajes durante los meses de invierno, nuestros expertos consejos para hacer la maleta te ayudar\u00e1n a estar c\u00f3modo y disfrutar al m\u00e1ximo de tu viaje. <\/p>\n","protected":false},"author":2,"featured_media":111,"comment_status":"closed","ping_status":"open","sticky":false,"template":"","format":"standard","meta":{"footnotes":""},"categories":[48],"tags":[50,49],"class_list":["post-109","post","type-post","status-publish","format-standard","has-post-thumbnail","hentry","category-consejos-de-viaje","tag-consejos","tag-espana"],"yoast_head":"<!-- This site is optimized with the Yoast SEO plugin v26.4 - https:\/\/yoast.com\/wordpress\/plugins\/seo\/ -->\n<title>La soleada Espa\u00f1a: consejos para hacer la maleta - Blog<\/title>\n<meta name=\"robots\" content=\"index, follow, max-snippet:-1, max-image-preview:large, max-video-preview:-1\" \/>\n<link rel=\"canonical\" href=\"https:\/\/www.espana-holiday.com\/blog\/es\/la-soleada-espana-consejos-para-hacer-la-maleta\/\" \/>\n<meta property=\"og:locale\" content=\"es_ES\" \/>\n<meta property=\"og:type\" content=\"article\" \/>\n<meta property=\"og:title\" content=\"La soleada Espa\u00f1a: consejos para hacer la maleta - Blog\" \/>\n<meta property=\"og:description\" content=\"Planear un viaje a Espa\u00f1a puede ser una aventura emocionante, pero es importante hacer la maleta con inteligencia para aprovechar al m\u00e1ximo las vacaciones. Tanto si te diriges a la soleada Espa\u00f1a para unas vacaciones de verano como para explorar sus bellas ciudades y paisajes durante los meses de invierno, nuestros expertos consejos para hacer la maleta te ayudar\u00e1n a estar c\u00f3modo y disfrutar al m\u00e1ximo de tu viaje.\" \/>\n<meta property=\"og:url\" content=\"https:\/\/www.espana-holiday.com\/blog\/es\/la-soleada-espana-consejos-para-hacer-la-maleta\/\" \/>\n<meta property=\"og:site_name\" content=\"Blog\" \/>\n<meta property=\"article:published_time\" content=\"2023-04-26T09:43:55+00:00\" \/>\n<meta property=\"article:modified_time\" content=\"2023-04-26T09:43:56+00:00\" \/>\n<meta property=\"og:image\" content=\"https:\/\/www.espana-holiday.com\/blog\/wp-content\/uploads\/2023\/04\/looking-for-an-easter-holiday-destination-13-scaled.jpg\" \/>\n\t<meta property=\"og:image:width\" content=\"2560\" \/>\n\t<meta property=\"og:image:height\" content=\"1280\" \/>\n\t<meta property=\"og:image:type\" content=\"image\/jpeg\" \/>\n<meta name=\"author\" content=\"espanaholiday\" \/>\n<meta name=\"twitter:card\" content=\"summary_large_image\" \/>\n<meta name=\"twitter:label1\" content=\"Escrito por\" \/>\n\t<meta name=\"twitter:data1\" content=\"espanaholiday\" \/>\n\t<meta name=\"twitter:label2\" content=\"Tiempo de lectura\" \/>\n\t<meta name=\"twitter:data2\" content=\"2 minutos\" \/>\n<script type=\"application\/ld+json\" class=\"yoast-schema-graph\">{\"@context\":\"https:\/\/schema.org\",\"@graph\":[{\"@type\":\"WebPage\",\"@id\":\"https:\/\/www.espana-holiday.com\/blog\/es\/la-soleada-espana-consejos-para-hacer-la-maleta\/\",\"url\":\"https:\/\/www.espana-holiday.com\/blog\/es\/la-soleada-espana-consejos-para-hacer-la-maleta\/\",\"name\":\"La soleada Espa\u00f1a: consejos para hacer la maleta - Blog\",\"isPartOf\":{\"@id\":\"https:\/\/www.espana-holiday.com\/blog\/#website\"},\"primaryImageOfPage\":{\"@id\":\"https:\/\/www.espana-holiday.com\/blog\/es\/la-soleada-espana-consejos-para-hacer-la-maleta\/#primaryimage\"},\"image\":{\"@id\":\"https:\/\/www.espana-holiday.com\/blog\/es\/la-soleada-espana-consejos-para-hacer-la-maleta\/#primaryimage\"},\"thumbnailUrl\":\"https:\/\/www.espana-holiday.com\/blog\/wp-content\/uploads\/2023\/04\/looking-for-an-easter-holiday-destination-13-scaled.jpg\",\"datePublished\":\"2023-04-26T09:43:55+00:00\",\"dateModified\":\"2023-04-26T09:43:56+00:00\",\"author\":{\"@id\":\"https:\/\/www.espana-holiday.com\/blog\/#\/schema\/person\/54b270629f0c8803144bcaa8699cb129\"},\"breadcrumb\":{\"@id\":\"https:\/\/www.espana-holiday.com\/blog\/es\/la-soleada-espana-consejos-para-hacer-la-maleta\/#breadcrumb\"},\"inLanguage\":\"es\",\"potentialAction\":[{\"@type\":\"ReadAction\",\"target\":[\"https:\/\/www.espana-holiday.com\/blog\/es\/la-soleada-espana-consejos-para-hacer-la-maleta\/\"]}]},{\"@type\":\"ImageObject\",\"inLanguage\":\"es\",\"@id\":\"https:\/\/www.espana-holiday.com\/blog\/es\/la-soleada-espana-consejos-para-hacer-la-maleta\/#primaryimage\",\"url\":\"https:\/\/www.espana-holiday.com\/blog\/wp-content\/uploads\/2023\/04\/looking-for-an-easter-holiday-destination-13-scaled.jpg\",\"contentUrl\":\"https:\/\/www.espana-holiday.com\/blog\/wp-content\/uploads\/2023\/04\/looking-for-an-easter-holiday-destination-13-scaled.jpg\",\"width\":2560,\"height\":1280},{\"@type\":\"BreadcrumbList\",\"@id\":\"https:\/\/www.espana-holiday.com\/blog\/es\/la-soleada-espana-consejos-para-hacer-la-maleta\/#breadcrumb\",\"itemListElement\":[{\"@type\":\"ListItem\",\"position\":1,\"name\":\"Home\",\"item\":\"https:\/\/www.espana-holiday.com\/blog\/\"},{\"@type\":\"ListItem\",\"position\":2,\"name\":\"La soleada Espa\u00f1a: consejos para hacer la maleta\"}]},{\"@type\":\"WebSite\",\"@id\":\"https:\/\/www.espana-holiday.com\/blog\/#website\",\"url\":\"https:\/\/www.espana-holiday.com\/blog\/\",\"name\":\"Blog\",\"description\":\"Espana Holiday\",\"potentialAction\":[{\"@type\":\"SearchAction\",\"target\":{\"@type\":\"EntryPoint\",\"urlTemplate\":\"https:\/\/www.espana-holiday.com\/blog\/?s={search_term_string}\"},\"query-input\":{\"@type\":\"PropertyValueSpecification\",\"valueRequired\":true,\"valueName\":\"search_term_string\"}}],\"inLanguage\":\"es\"},{\"@type\":\"Person\",\"@id\":\"https:\/\/www.espana-holiday.com\/blog\/#\/schema\/person\/54b270629f0c8803144bcaa8699cb129\",\"name\":\"espanaholiday\",\"image\":{\"@type\":\"ImageObject\",\"inLanguage\":\"es\",\"@id\":\"https:\/\/www.espana-holiday.com\/blog\/#\/schema\/person\/image\/\",\"url\":\"https:\/\/secure.gravatar.com\/avatar\/bf6a36ff78afc8c74b2ac3bc699fe6ada5cb8436aeb2c52cd5306d30fbdd40b9?s=96&d=mm&r=g\",\"contentUrl\":\"https:\/\/secure.gravatar.com\/avatar\/bf6a36ff78afc8c74b2ac3bc699fe6ada5cb8436aeb2c52cd5306d30fbdd40b9?s=96&d=mm&r=g\",\"caption\":\"espanaholiday\"},\"url\":\"https:\/\/www.espana-holiday.com\/blog\/es\/author\/espanaholiday\/\"}]}<\/script>\n<!-- \/ Yoast SEO plugin. -->","yoast_head_json":{"title":"La soleada Espa\u00f1a: consejos para hacer la maleta - Blog","robots":{"index":"index","follow":"follow","max-snippet":"max-snippet:-1","max-image-preview":"max-image-preview:large","max-video-preview":"max-video-preview:-1"},"canonical":"https:\/\/www.espana-holiday.com\/blog\/es\/la-soleada-espana-consejos-para-hacer-la-maleta\/","og_locale":"es_ES","og_type":"article","og_title":"La soleada Espa\u00f1a: consejos para hacer la maleta - Blog","og_description":"Planear un viaje a Espa\u00f1a puede ser una aventura emocionante, pero es importante hacer la maleta con inteligencia para aprovechar al m\u00e1ximo las vacaciones. Tanto si te diriges a la soleada Espa\u00f1a para unas vacaciones de verano como para explorar sus bellas ciudades y paisajes durante los meses de invierno, nuestros expertos consejos para hacer la maleta te ayudar\u00e1n a estar c\u00f3modo y disfrutar al m\u00e1ximo de tu viaje.","og_url":"https:\/\/www.espana-holiday.com\/blog\/es\/la-soleada-espana-consejos-para-hacer-la-maleta\/","og_site_name":"Blog","article_published_time":"2023-04-26T09:43:55+00:00","article_modified_time":"2023-04-26T09:43:56+00:00","og_image":[{"width":2560,"height":1280,"url":"https:\/\/www.espana-holiday.com\/blog\/wp-content\/uploads\/2023\/04\/looking-for-an-easter-holiday-destination-13-scaled.jpg","type":"image\/jpeg"}],"author":"espanaholiday","twitter_card":"summary_large_image","twitter_misc":{"Escrito por":"espanaholiday","Tiempo de lectura":"2 minutos"},"schema":{"@context":"https:\/\/schema.org","@graph":[{"@type":"WebPage","@id":"https:\/\/www.espana-holiday.com\/blog\/es\/la-soleada-espana-consejos-para-hacer-la-maleta\/","url":"https:\/\/www.espana-holiday.com\/blog\/es\/la-soleada-espana-consejos-para-hacer-la-maleta\/","name":"La soleada Espa\u00f1a: consejos para hacer la maleta - Blog","isPartOf":{"@id":"https:\/\/www.espana-holiday.com\/blog\/#website"},"primaryImageOfPage":{"@id":"https:\/\/www.espana-holiday.com\/blog\/es\/la-soleada-espana-consejos-para-hacer-la-maleta\/#primaryimage"},"image":{"@id":"https:\/\/www.espana-holiday.com\/blog\/es\/la-soleada-espana-consejos-para-hacer-la-maleta\/#primaryimage"},"thumbnailUrl":"https:\/\/www.espana-holiday.com\/blog\/wp-content\/uploads\/2023\/04\/looking-for-an-easter-holiday-destination-13-scaled.jpg","datePublished":"2023-04-26T09:43:55+00:00","dateModified":"2023-04-26T09:43:56+00:00","author":{"@id":"https:\/\/www.espana-holiday.com\/blog\/#\/schema\/person\/54b270629f0c8803144bcaa8699cb129"},"breadcrumb":{"@id":"https:\/\/www.espana-holiday.com\/blog\/es\/la-soleada-espana-consejos-para-hacer-la-maleta\/#breadcrumb"},"inLanguage":"es","potentialAction":[{"@type":"ReadAction","target":["https:\/\/www.espana-holiday.com\/blog\/es\/la-soleada-espana-consejos-para-hacer-la-maleta\/"]}]},{"@type":"ImageObject","inLanguage":"es","@id":"https:\/\/www.espana-holiday.com\/blog\/es\/la-soleada-espana-consejos-para-hacer-la-maleta\/#primaryimage","url":"https:\/\/www.espana-holiday.com\/blog\/wp-content\/uploads\/2023\/04\/looking-for-an-easter-holiday-destination-13-scaled.jpg","contentUrl":"https:\/\/www.espana-holiday.com\/blog\/wp-content\/uploads\/2023\/04\/looking-for-an-easter-holiday-destination-13-scaled.jpg","width":2560,"height":1280},{"@type":"BreadcrumbList","@id":"https:\/\/www.espana-holiday.com\/blog\/es\/la-soleada-espana-consejos-para-hacer-la-maleta\/#breadcrumb","itemListElement":[{"@type":"ListItem","position":1,"name":"Home","item":"https:\/\/www.espana-holiday.com\/blog\/"},{"@type":"ListItem","position":2,"name":"La soleada Espa\u00f1a: consejos para hacer la maleta"}]},{"@type":"WebSite","@id":"https:\/\/www.espana-holiday.com\/blog\/#website","url":"https:\/\/www.espana-holiday.com\/blog\/","name":"Blog","description":"Espana Holiday","potentialAction":[{"@type":"SearchAction","target":{"@type":"EntryPoint","urlTemplate":"https:\/\/www.espana-holiday.com\/blog\/?s={search_term_string}"},"query-input":{"@type":"PropertyValueSpecification","valueRequired":true,"valueName":"search_term_string"}}],"inLanguage":"es"},{"@type":"Person","@id":"https:\/\/www.espana-holiday.com\/blog\/#\/schema\/person\/54b270629f0c8803144bcaa8699cb129","name":"espanaholiday","image":{"@type":"ImageObject","inLanguage":"es","@id":"https:\/\/www.espana-holiday.com\/blog\/#\/schema\/person\/image\/","url":"https:\/\/secure.gravatar.com\/avatar\/bf6a36ff78afc8c74b2ac3bc699fe6ada5cb8436aeb2c52cd5306d30fbdd40b9?s=96&d=mm&r=g","contentUrl":"https:\/\/secure.gravatar.com\/avatar\/bf6a36ff78afc8c74b2ac3bc699fe6ada5cb8436aeb2c52cd5306d30fbdd40b9?s=96&d=mm&r=g","caption":"espanaholiday"},"url":"https:\/\/www.espana-holiday.com\/blog\/es\/author\/espanaholiday\/"}]}},"_links":{"self":[{"href":"https:\/\/www.espana-holiday.com\/blog\/es\/wp-json\/wp\/v2\/posts\/109","targetHints":{"allow":["GET"]}}],"collection":[{"href":"https:\/\/www.espana-holiday.com\/blog\/es\/wp-json\/wp\/v2\/posts"}],"about":[{"href":"https:\/\/www.espana-holiday.com\/blog\/es\/wp-json\/wp\/v2\/types\/post"}],"author":[{"embeddable":true,"href":"https:\/\/www.espana-holiday.com\/blog\/es\/wp-json\/wp\/v2\/users\/2"}],"replies":[{"embeddable":true,"href":"https:\/\/www.espana-holiday.com\/blog\/es\/wp-json\/wp\/v2\/comments?post=109"}],"version-history":[{"count":2,"href":"https:\/\/www.espana-holiday.com\/blog\/es\/wp-json\/wp\/v2\/posts\/109\/revisions"}],"predecessor-version":[{"id":116,"href":"https:\/\/www.espana-holiday.com\/blog\/es\/wp-json\/wp\/v2\/posts\/109\/revisions\/116"}],"wp:featuredmedia":[{"embeddable":true,"href":"https:\/\/www.espana-holiday.com\/blog\/es\/wp-json\/wp\/v2\/media\/111"}],"wp:attachment":[{"href":"https:\/\/www.espana-holiday.com\/blog\/es\/wp-json\/wp\/v2\/media?parent=109"}],"wp:term":[{"taxonomy":"category","embeddable":true,"href":"https:\/\/www.espana-holiday.com\/blog\/es\/wp-json\/wp\/v2\/categories?post=109"},{"taxonomy":"post_tag","embeddable":true,"href":"https:\/\/www.espana-holiday.com\/blog\/es\/wp-json\/wp\/v2\/tags?post=109"}],"curies":[{"name":"wp","href":"https:\/\/api.w.org\/{rel}","templated":true}]}}